{"id":6214,"date":"2017-12-26T15:35:18","date_gmt":"2017-12-26T14:35:18","guid":{"rendered":"http:\/\/192.168.10.121\/wordpress\/?p=6214"},"modified":"2022-12-12T11:14:33","modified_gmt":"2022-12-12T10:14:33","slug":"so-deaktivieren-sie-den-start-des-deckels-auf-dem-macbook-pro-ende-2016-modelle","status":"publish","type":"post","link":"https:\/\/sci-fy.de\/wordpress\/so-deaktivieren-sie-den-start-des-deckels-auf-dem-macbook-pro-ende-2016-modelle\/","title":{"rendered":"So deaktivieren Sie den Start des Deckels auf dem MacBook Pro (Ende 2016 Modelle)"},"content":{"rendered":"<p><span style=\"font-family: verdana, geneva, sans-serif; font-size: 10pt;\"><span class=\"notranslate\">Die neuesten MacBook Pro-Modelle (2016) werden standardm\u00e4\u00dfig automatisch eingeschaltet, wenn der Laptopdeckel ge\u00f6ffnet wird oder wenn der Mac an die Stromversorgung angeschlossen wird.<\/span> <span class=\"notranslate\"> Dies kann f\u00fcr einige Benutzer w\u00fcnschenswert sein, aber nicht jeder kann mit einem automatisch startenden MacBook zufrieden sein, wenn der Displaydeckel ge\u00f6ffnet wird.<\/span><\/span><!--more--><\/p>\n<div><span class=\"notranslate\" style=\"font-family: verdana, geneva, sans-serif; font-size: 10pt;\">Wenn Sie die Befehlszeile (Terminal) von Mac OS aufrufen, k\u00f6nnen Sie die Funktion &#8222;Lid Open&#8220; bei den neuesten MacBook Pro-Modellen mit Touch Bar ein- \/ ausschalten.<\/span><\/div>\n<h2><span class=\"notranslate\" style=\"font-family: verdana, geneva, sans-serif; color: #000000;\"> Deaktivieren der Boot Open \/ Power Connection auf dem MacBook Pro (2016+)<\/span><\/h2>\n<ol>\n<li><span class=\"notranslate\" style=\"font-family: verdana, geneva, sans-serif; font-size: 10pt;\">\u00d6ffnen Sie das <strong>Terminal<\/strong>, das sich in <strong>\/ Applications \/ Utilities \/<\/strong> befindet, und geben Sie dann genau die folgende Befehlssyntax ein:<\/span><br \/>\n<blockquote><p><code><\/code><code>sudo nvram AutoBoot=%00<\/code><\/p><\/blockquote>\n<\/li>\n<li><span class=\"notranslate\" style=\"font-family: verdana, geneva, sans-serif; font-size: 10pt;\">Dr\u00fccken Sie Return und authentifizieren Sie sich mit dem Admin-Passwort (notwendig wegen sudo)<\/span><\/li>\n<li><span class=\"notranslate\" style=\"font-family: verdana, geneva, sans-serif; font-size: 10pt;\">Beenden Sie das Terminal, wenn Sie fertig sind<\/span><\/li>\n<\/ol>\n<p><span style=\"font-family: verdana, geneva, sans-serif; font-size: 10pt;\"><span class=\"notranslate\">Wenn AutoBoot ausgeschaltet ist und der MacBook Pro-Deckel ge\u00f6ffnet wird, wird der Computer nicht mehr gestartet oder der Computer einfach durch \u00d6ffnen des Deckels eingeschaltet.<\/span> <span class=\"notranslate\"> Au\u00dferdem wird beim Anschlie\u00dfen des Stromkabels der Mac nicht automatisch gebootet.<\/span> <span class=\"notranslate\"> Stattdessen verh\u00e4lt sich das Verhalten wie auf fr\u00fcheren Macs, die den Deckel eines Mac \u00f6ffnen k\u00f6nnen, ohne den Computer selbst einzuschalten.<\/span><\/span><\/p>\n<h2><span class=\"notranslate\" style=\"font-family: verdana, geneva, sans-serif; color: #000000;\">Zur\u00fcck zur Standardeinstellung von Booten auf dem Deckel \u00d6ffnen mit MacBook Pro<\/span><\/h2>\n<p><span class=\"notranslate\" style=\"font-family: verdana, geneva, sans-serif; font-size: 10pt;\"> Um zu der neuen Standardeinstellung des automatischen Startens zur\u00fcckzukehren, wenn der Deckel ge\u00f6ffnet wird oder wenn die Stromversorgung angeschlossen ist, kehren Sie zur Befehlszeile zur\u00fcck und geben Sie die folgende Befehlssyntax aus:<\/span><\/p>\n<blockquote><p><code>sudo nvram AutoBoot=%03<\/code><\/p><\/blockquote>\n<p><span style=\"font-family: verdana, geneva, sans-serif; font-size: 10pt;\"><span class=\"notranslate\">Wenn Sie das ausf\u00fchren und sich authentifizieren, wird die \u00c4nderung abgeschlossen.<\/span> <span class=\"notranslate\"> Sie k\u00f6nnen den <a href=\"http:\/\/sci-fy.de\/wordpress\/index.php\/parameter-ram-loschen\/\">NVRAM<\/a> auch <a href=\"http:\/\/sci-fy.de\/wordpress\/index.php\/parameter-ram-loschen\/\">zur\u00fccksetzen <\/a>, um die Einstellung auf den Standardwert zur\u00fcckzusetzen.<\/span><\/span><\/p>\n<div><span style=\"font-family: verdana, geneva, sans-serif; font-size: 10pt;\">&nbsp;<span class=\"notranslate\">Wenn Sie nicht sicher sind, welche Einstellung aktiviert ist, werden mit &#8222;<strong>nvram -p<\/strong>&#8220; die nvram-Einstellungen gedruckt, die konfiguriert wurden oder konfiguriert werden k\u00f6nnen.<\/span><\/span><\/div>\n","protected":false},"excerpt":{"rendered":"<p>Die neuesten MacBook Pro-Modelle (2016) werden standardm\u00e4\u00dfig automatisch eingeschaltet, wenn der Laptopdeckel ge\u00f6ffnet wird oder wenn der Mac an die Stromversorgung angeschlossen wird. Dies kann f\u00fcr einige Benutzer w\u00fcnschenswert sein, aber nicht jeder kann mit einem automatisch startenden MacBook zufrieden sein, wenn der Displaydeckel ge\u00f6ffnet wird.<\/p>\n","protected":false},"author":2,"featured_media":6215,"comment_status":"closed","ping_status":"open","sticky":false,"template":"","format":"standard","meta":{"ngg_post_thumbnail":0,"footnotes":""},"categories":[4,15],"tags":[313,311,314,312],"class_list":["post-6214","post","type-post","status-publish","format-standard","has-post-thumbnail","hentry","category-macintosh","category-software_mac","tag-deaktivieren-der-boot-open-funktion","tag-lid-open","tag-mac-einschalten-durch-oeffnen","tag-power-connection"],"_links":{"self":[{"href":"https:\/\/sci-fy.de\/wordpress\/wp-json\/wp\/v2\/posts\/6214","targetHints":{"allow":["GET"]}}],"collection":[{"href":"https:\/\/sci-fy.de\/wordpress\/wp-json\/wp\/v2\/posts"}],"about":[{"href":"https:\/\/sci-fy.de\/wordpress\/wp-json\/wp\/v2\/types\/post"}],"author":[{"embeddable":true,"href":"https:\/\/sci-fy.de\/wordpress\/wp-json\/wp\/v2\/users\/2"}],"replies":[{"embeddable":true,"href":"https:\/\/sci-fy.de\/wordpress\/wp-json\/wp\/v2\/comments?post=6214"}],"version-history":[{"count":0,"href":"https:\/\/sci-fy.de\/wordpress\/wp-json\/wp\/v2\/posts\/6214\/revisions"}],"wp:featuredmedia":[{"embeddable":true,"href":"https:\/\/sci-fy.de\/wordpress\/wp-json\/wp\/v2\/media\/6215"}],"wp:attachment":[{"href":"https:\/\/sci-fy.de\/wordpress\/wp-json\/wp\/v2\/media?parent=6214"}],"wp:term":[{"taxonomy":"category","embeddable":true,"href":"https:\/\/sci-fy.de\/wordpress\/wp-json\/wp\/v2\/categories?post=6214"},{"taxonomy":"post_tag","embeddable":true,"href":"https:\/\/sci-fy.de\/wordpress\/wp-json\/wp\/v2\/tags?post=6214"}],"curies":[{"name":"wp","href":"https:\/\/api.w.org\/{rel}","templated":true}]}}